{"id":68,"date":"2006-05-20T15:29:54","date_gmt":"2006-05-20T13:29:54","guid":{"rendered":"http:\/\/www.liberale-muslime.eu\/?p=68"},"modified":"2015-07-06T09:34:53","modified_gmt":"2015-07-06T07:34:53","slug":"52-millionen-muslime-leben-in-gesamteuropa","status":"publish","type":"post","link":"http:\/\/www.liberale-muslime.eu\/de\/2006\/05\/20\/52-millionen-muslime-leben-in-gesamteuropa\/","title":{"rendered":"52 Millionen Muslime leben in Gesamteuropa"},"content":{"rendered":"<p>Ein weiterer Schritt zur Integration von Muslime k\u00f6nnte sein, dass diese ordnungsm\u00e4\u00dfig gez\u00e4hlt werden. Es kursieren Vermutungen in \u00d6sterreich und in der EU, wie viele Muslime wirklich hier leben, nur niemand wei\u00df es genau!<\/p>\n<p><a href=\"http:\/\/religionv1.orf.at\/projekt03\/news\/0605\/ne060515_islam_europa_fr.htm\" target=\"_blank\">Nachlesen<\/a><\/p>\n","protected":false},"excerpt":{"rendered":"<p>Ein weiterer Schritt zur Integration von Muslime k\u00f6nnte sein, dass diese ordnungsm\u00e4\u00dfig gez\u00e4hlt werden. Es kursieren Vermutungen in \u00d6sterreich und in der EU, wie viele Muslime wirklich hier leben, nur niemand wei\u00df es genau! Nachlesen<\/p>\n","protected":false},"author":1,"featured_media":0,"comment_status":"closed","ping_status":"closed","sticky":false,"template":"","format":"standard","meta":[],"categories":[4],"tags":[],"_links":{"self":[{"href":"http:\/\/www.liberale-muslime.eu\/de\/wp-json\/wp\/v2\/posts\/68"}],"collection":[{"href":"http:\/\/www.liberale-muslime.eu\/de\/wp-json\/wp\/v2\/posts"}],"about":[{"href":"http:\/\/www.liberale-muslime.eu\/de\/wp-json\/wp\/v2\/types\/post"}],"author":[{"embeddable":true,"href":"http:\/\/www.liberale-muslime.eu\/de\/wp-json\/wp\/v2\/users\/1"}],"replies":[{"embeddable":true,"href":"http:\/\/www.liberale-muslime.eu\/de\/wp-json\/wp\/v2\/comments?post=68"}],"version-history":[{"count":2,"href":"http:\/\/www.liberale-muslime.eu\/de\/wp-json\/wp\/v2\/posts\/68\/revisions"}],"predecessor-version":[{"id":70,"href":"http:\/\/www.liberale-muslime.eu\/de\/wp-json\/wp\/v2\/posts\/68\/revisions\/70"}],"wp:attachment":[{"href":"http:\/\/www.liberale-muslime.eu\/de\/wp-json\/wp\/v2\/media?parent=68"}],"wp:term":[{"taxonomy":"category","embeddable":true,"href":"http:\/\/www.liberale-muslime.eu\/de\/wp-json\/wp\/v2\/categories?post=68"},{"taxonomy":"post_tag","embeddable":true,"href":"http:\/\/www.liberale-muslime.eu\/de\/wp-json\/wp\/v2\/tags?post=68"}],"curies":[{"name":"wp","href":"https:\/\/api.w.org\/{rel}","templated":true}]}}