{"id":66,"date":"2014-11-20T09:27:00","date_gmt":"2014-11-20T08:27:00","guid":{"rendered":"http:\/\/www.liberale-muslime.eu\/?p=66"},"modified":"2015-07-06T09:29:37","modified_gmt":"2015-07-06T07:29:37","slug":"wien-anteil-der-muslime-verdoppelt-sich-bis-2046","status":"publish","type":"post","link":"http:\/\/www.liberale-muslime.eu\/de\/2014\/11\/20\/wien-anteil-der-muslime-verdoppelt-sich-bis-2046\/","title":{"rendered":"Wien: Anteil der Muslime verdoppelt sich bis 2046"},"content":{"rendered":"<p>Wenn Zeitungen wie die Kronen Zeitung unterschwellige Artikel vermeiden w\u00fcrde, k\u00f6nnte diese vielmehr zur Migration beitragen. Oft scheint so, als ob diese Zeitung bewusst gegen Migration und Einwanderung ist und ihre Leser gegeneinander aufhetzt. Andere Medien schaffen es, eine neutrale \u00dcberschrift zu finden, bei der Kronen Zeitung, muss es immer rei\u00dferisch und unterschwellig sein. Nicht verwunderlich, dass diese Zeitung schon \u00f6fters versto\u00dfe gegen den Pressekodex hatte.<\/p>\n<p><a href=\"http:\/\/www.krone.at\/Oesterreich\/Wien_Anteil_der_Muslime_verdoppelt_sich_bis_2046-Weniger_Katholiken-Story-427943\" target=\"_blank\">Nachlesen<\/a><\/p>\n","protected":false},"excerpt":{"rendered":"<p>Wenn Zeitungen wie die Kronen Zeitung unterschwellige Artikel vermeiden w\u00fcrde, k\u00f6nnte diese vielmehr zur Migration beitragen. Oft scheint so, als ob diese Zeitung bewusst gegen Migration und Einwanderung ist und ihre Leser gegeneinander aufhetzt. Andere Medien schaffen es, eine neutrale &hellip;<\/p>\n<p class=\"read-more\"> <a class=\"more-link\" href=\"http:\/\/www.liberale-muslime.eu\/de\/2014\/11\/20\/wien-anteil-der-muslime-verdoppelt-sich-bis-2046\/\"> <span class=\"screen-reader-text\">Wien: Anteil der Muslime verdoppelt sich bis 2046<\/span> Read More &raquo;<\/a><\/p>\n","protected":false},"author":1,"featured_media":0,"comment_status":"closed","ping_status":"closed","sticky":false,"template":"","format":"standard","meta":[],"categories":[4],"tags":[],"_links":{"self":[{"href":"http:\/\/www.liberale-muslime.eu\/de\/wp-json\/wp\/v2\/posts\/66"}],"collection":[{"href":"http:\/\/www.liberale-muslime.eu\/de\/wp-json\/wp\/v2\/posts"}],"about":[{"href":"http:\/\/www.liberale-muslime.eu\/de\/wp-json\/wp\/v2\/types\/post"}],"author":[{"embeddable":true,"href":"http:\/\/www.liberale-muslime.eu\/de\/wp-json\/wp\/v2\/users\/1"}],"replies":[{"embeddable":true,"href":"http:\/\/www.liberale-muslime.eu\/de\/wp-json\/wp\/v2\/comments?post=66"}],"version-history":[{"count":1,"href":"http:\/\/www.liberale-muslime.eu\/de\/wp-json\/wp\/v2\/posts\/66\/revisions"}],"predecessor-version":[{"id":67,"href":"http:\/\/www.liberale-muslime.eu\/de\/wp-json\/wp\/v2\/posts\/66\/revisions\/67"}],"wp:attachment":[{"href":"http:\/\/www.liberale-muslime.eu\/de\/wp-json\/wp\/v2\/media?parent=66"}],"wp:term":[{"taxonomy":"category","embeddable":true,"href":"http:\/\/www.liberale-muslime.eu\/de\/wp-json\/wp\/v2\/categories?post=66"},{"taxonomy":"post_tag","embeddable":true,"href":"http:\/\/www.liberale-muslime.eu\/de\/wp-json\/wp\/v2\/tags?post=66"}],"curies":[{"name":"wp","href":"https:\/\/api.w.org\/{rel}","templated":true}]}}