{"id":62,"date":"2014-12-03T09:22:07","date_gmt":"2014-12-03T08:22:07","guid":{"rendered":"http:\/\/www.liberale-muslime.eu\/?p=62"},"modified":"2015-07-06T09:23:25","modified_gmt":"2015-07-06T07:23:25","slug":"tuerkischer-praesident-erdogan-ueber-den-westen-sie-wollen-uns-tot-sehen","status":"publish","type":"post","link":"http:\/\/www.liberale-muslime.eu\/de\/2014\/12\/03\/tuerkischer-praesident-erdogan-ueber-den-westen-sie-wollen-uns-tot-sehen\/","title":{"rendered":"T\u00fcrkischer Pr\u00e4sident Erdogan \u00fcber den Westen: &#8222;Sie wollen uns tot sehen&#8220;"},"content":{"rendered":"<p><strong>Wien: 3. Dezember\u00a02014.<\/strong> Der Islam ist in Europa seit dem achten Jahrhundert pr\u00e4sent. Muslime sind l\u00e4ngst Teil der europ\u00e4ischen Bev\u00f6lkerung, doch kommt es immer wieder zu negativen Auseinandersetzungen. Der T\u00fcrkische Pr\u00e4sident hetzt seine Landsleute gegen den Westen auf. Er m\u00f6chte verhindern, dass sich Muslime in der Europ\u00e4ischen Union integrieren und sich zu hause f\u00fchlen, dass obwohl sie ihr ganzes Leben vielleicht dort aufgewachsen sind.<\/p>\n<p>Erdogan behauptet: Die Fremden h\u00e4tten es nur auf das Geld der Muslime abgesehen, zitierte ihn die t\u00fcrkische Zeitung &#8222;H\u00fcrriyet&#8220;. &#8222;Glaubt mir, sie m\u00f6gen uns nicht&#8220;, sagte er. Die L\u00e4nder des Nahen Ostens k\u00f6nnten ihre Probleme selbst l\u00f6sen, ohne den Westen. &#8222;Wenn wir zusammenarbeiten, werden wir die Einsamkeit Pal\u00e4stinas beenden, die fast ein Jahrhundert dauert&#8220;, f\u00fcgte Erdogan hinzu.<\/p>\n<p>Erdogan halte ebenso fest, dass seine Glaubensbr\u00fcder Amerika entdeckt h\u00e4tten. &#8222;Nur weil ich ein durch wissenschaftliche Forschung belegtes Faktum wiederholt habe, werde ich angegriffen von westlichen Medien und Fremden unter uns, die an einem Ego-Komplex leiden&#8220;, sagte Erdogan. Seinen Kritikern im In- und Ausland warf Erdogan daher psychische Probleme vor.<\/p>\n<p>Erdogan w\u00fcrde sogar so weit gehen, die Weltgeschichte in Schulb\u00fcchern umschreiben zu lassen. In dieser Angelegenheit trage das Bildungsministerium eine &#8222;hohe Verantwortung&#8220;, sagte Erdogan.<\/p>\n","protected":false},"excerpt":{"rendered":"<p>Wien: 3. Dezember\u00a02014. Der Islam ist in Europa seit dem achten Jahrhundert pr\u00e4sent. Muslime sind l\u00e4ngst Teil der europ\u00e4ischen Bev\u00f6lkerung, doch kommt es immer wieder zu negativen Auseinandersetzungen. Der T\u00fcrkische Pr\u00e4sident hetzt seine Landsleute gegen den Westen auf. Er m\u00f6chte &hellip;<\/p>\n<p class=\"read-more\"> <a class=\"more-link\" href=\"http:\/\/www.liberale-muslime.eu\/de\/2014\/12\/03\/tuerkischer-praesident-erdogan-ueber-den-westen-sie-wollen-uns-tot-sehen\/\"> <span class=\"screen-reader-text\">T\u00fcrkischer Pr\u00e4sident Erdogan \u00fcber den Westen: &#8222;Sie wollen uns tot sehen&#8220;<\/span> Read More &raquo;<\/a><\/p>\n","protected":false},"author":1,"featured_media":0,"comment_status":"closed","ping_status":"closed","sticky":false,"template":"","format":"standard","meta":[],"categories":[3],"tags":[],"_links":{"self":[{"href":"http:\/\/www.liberale-muslime.eu\/de\/wp-json\/wp\/v2\/posts\/62"}],"collection":[{"href":"http:\/\/www.liberale-muslime.eu\/de\/wp-json\/wp\/v2\/posts"}],"about":[{"href":"http:\/\/www.liberale-muslime.eu\/de\/wp-json\/wp\/v2\/types\/post"}],"author":[{"embeddable":true,"href":"http:\/\/www.liberale-muslime.eu\/de\/wp-json\/wp\/v2\/users\/1"}],"replies":[{"embeddable":true,"href":"http:\/\/www.liberale-muslime.eu\/de\/wp-json\/wp\/v2\/comments?post=62"}],"version-history":[{"count":2,"href":"http:\/\/www.liberale-muslime.eu\/de\/wp-json\/wp\/v2\/posts\/62\/revisions"}],"predecessor-version":[{"id":64,"href":"http:\/\/www.liberale-muslime.eu\/de\/wp-json\/wp\/v2\/posts\/62\/revisions\/64"}],"wp:attachment":[{"href":"http:\/\/www.liberale-muslime.eu\/de\/wp-json\/wp\/v2\/media?parent=62"}],"wp:term":[{"taxonomy":"category","embeddable":true,"href":"http:\/\/www.liberale-muslime.eu\/de\/wp-json\/wp\/v2\/categories?post=62"},{"taxonomy":"post_tag","embeddable":true,"href":"http:\/\/www.liberale-muslime.eu\/de\/wp-json\/wp\/v2\/tags?post=62"}],"curies":[{"name":"wp","href":"https:\/\/api.w.org\/{rel}","templated":true}]}}