{"id":60,"date":"2014-01-26T09:20:35","date_gmt":"2014-01-26T08:20:35","guid":{"rendered":"http:\/\/www.liberale-muslime.eu\/?p=60"},"modified":"2015-07-06T09:21:45","modified_gmt":"2015-07-06T07:21:45","slug":"der-islam-wird-verhasst-wie-nie-zu-vor","status":"publish","type":"post","link":"http:\/\/www.liberale-muslime.eu\/de\/2014\/01\/26\/der-islam-wird-verhasst-wie-nie-zu-vor\/","title":{"rendered":"Der Islam wird verhasst wie nie zu vor"},"content":{"rendered":"<p><strong>Wien, 27. J\u00e4nner 2014.<\/strong> Politiker, Intellektuelle und Personen des \u00f6ffentlichen Lebens haben sich zu diesem Thema ge\u00e4u\u00dfert, und die wachsende Sichtbarkeit islamischer Methoden hat in ganz Europa lebhafte Debatten ausgel\u00f6st. Seit dem 11. September 2001 ist der Islam einer der meist diskutierten Themen in den Medien und die Stimmen werden nicht leiser.<\/p>\n<p>Niemand wei\u00df, wohin es f\u00fchren wird, dass Politiker, Medien und einflussreiche Pers\u00f6nlichkeiten gegen eine Religion hetzen. Einmal mehr m\u00fcsste von diesen Menschen Toleranz und Integration gefordert werden. Oft scheint es so, dass das Volk nichts Positives \u00fcber den Islam lesen m\u00f6chte, da doch der Terror tagt\u00e4glich in den Medien zu lesen ist und sie durch Meinungsmacher in ihrem Standpunkt unterst\u00fctzt werden.<\/p>\n<p>Viele L\u00e4nder, Politiker, einige Medien und die Europ\u00e4ische Union bem\u00fchen sich einen Konsens zu finden und Missst\u00e4nde aufzuzeigen. Popul\u00e4re Medien hetzen jedoch gegen den Islam.<\/p>\n<p>Es muss noch viel getan werden, um den Islam und deren Praktiken besser zu verstehen. Der Islam sollte genauso toleriert werden wie die katholische Kirche oder der Buddhismus. Der Terror in den Medien, aber auch in der wirklichen Welt ist nicht mehr wegzudenken, umso mehr, muss hier aufgekl\u00e4rt werden, dass Terror nicht durch den Islam verursacht wird, sondern durch Menschen die glauben den muslimischen Glauben zu folgen. Was in den Medien \u00fcber den Terror zu lesen ist, hat nichts mehr mit dem Koran oder dem Islam zu tun hat. Menschen zu t\u00f6ten, wird von allen Religionen abgelehnt, auch vom Islam.<\/p>\n","protected":false},"excerpt":{"rendered":"<p>Wien, 27. J\u00e4nner 2014. Politiker, Intellektuelle und Personen des \u00f6ffentlichen Lebens haben sich zu diesem Thema ge\u00e4u\u00dfert, und die wachsende Sichtbarkeit islamischer Methoden hat in ganz Europa lebhafte Debatten ausgel\u00f6st. Seit dem 11. September 2001 ist der Islam einer der &hellip;<\/p>\n<p class=\"read-more\"> <a class=\"more-link\" href=\"http:\/\/www.liberale-muslime.eu\/de\/2014\/01\/26\/der-islam-wird-verhasst-wie-nie-zu-vor\/\"> <span class=\"screen-reader-text\">Der Islam wird verhasst wie nie zu vor<\/span> Read More &raquo;<\/a><\/p>\n","protected":false},"author":1,"featured_media":0,"comment_status":"closed","ping_status":"closed","sticky":false,"template":"","format":"standard","meta":[],"categories":[3],"tags":[],"_links":{"self":[{"href":"http:\/\/www.liberale-muslime.eu\/de\/wp-json\/wp\/v2\/posts\/60"}],"collection":[{"href":"http:\/\/www.liberale-muslime.eu\/de\/wp-json\/wp\/v2\/posts"}],"about":[{"href":"http:\/\/www.liberale-muslime.eu\/de\/wp-json\/wp\/v2\/types\/post"}],"author":[{"embeddable":true,"href":"http:\/\/www.liberale-muslime.eu\/de\/wp-json\/wp\/v2\/users\/1"}],"replies":[{"embeddable":true,"href":"http:\/\/www.liberale-muslime.eu\/de\/wp-json\/wp\/v2\/comments?post=60"}],"version-history":[{"count":1,"href":"http:\/\/www.liberale-muslime.eu\/de\/wp-json\/wp\/v2\/posts\/60\/revisions"}],"predecessor-version":[{"id":61,"href":"http:\/\/www.liberale-muslime.eu\/de\/wp-json\/wp\/v2\/posts\/60\/revisions\/61"}],"wp:attachment":[{"href":"http:\/\/www.liberale-muslime.eu\/de\/wp-json\/wp\/v2\/media?parent=60"}],"wp:term":[{"taxonomy":"category","embeddable":true,"href":"http:\/\/www.liberale-muslime.eu\/de\/wp-json\/wp\/v2\/categories?post=60"},{"taxonomy":"post_tag","embeddable":true,"href":"http:\/\/www.liberale-muslime.eu\/de\/wp-json\/wp\/v2\/tags?post=60"}],"curies":[{"name":"wp","href":"https:\/\/api.w.org\/{rel}","templated":true}]}}