{"id":130,"date":"2015-07-22T20:13:16","date_gmt":"2015-07-22T18:13:16","guid":{"rendered":"http:\/\/www.liberale-muslime.eu\/de\/?p=130"},"modified":"2015-07-23T07:46:07","modified_gmt":"2015-07-23T05:46:07","slug":"islamist-blamiert-sich-vor-europaeischem-parlamentsausschuss","status":"publish","type":"post","link":"http:\/\/www.liberale-muslime.eu\/de\/2015\/07\/22\/islamist-blamiert-sich-vor-europaeischem-parlamentsausschuss\/","title":{"rendered":"Islamist blamiert sich vor Europ\u00e4ischem Parlamentsausschuss"},"content":{"rendered":"<p>Der Leiter der FEMYSO-Fraktion blamiert sich w\u00e4hrend einer Anh\u00f6rung des LIBE Kommittees zu Islamophobie. Seine eigenen Verbindungen zur Muslimischen Bruderschaft werden aufgedeckt.<\/p>\n<p><iframe loading=\"lazy\" src=\"https:\/\/www.youtube.com\/embed\/zarTChjLi4c\" width=\"560\" height=\"315\" frameborder=\"0\" allowfullscreen=\"allowfullscreen\"><\/iframe><\/p>\n<p>&nbsp;<\/p>\n<p style=\"text-align: right;\">\u0645\u0633\u0623\u0644\u0629 \u0641\u064a \u0627\u0644\u0628\u0631\u0644\u0645\u0627\u0646 \u0627\u0644\u0623\u0648\u0631\u0648\u0628\u064a \u062a\u062d\u0631\u062c \u0642\u0627\u0626\u062f \u0645\u0646\u062a\u062f\u0649 \u0627\u0644\u0645\u0646\u0638\u0645\u0627\u062a \u0627\u0644\u0637\u0644\u0627\u0628\u064a\u0629 \u0648\u0627\u0644\u0634\u0628\u0627\u0628 \u0627\u0644\u0645\u0633\u0644\u0645 \u0641\u064a \u0623\u0648\u0631\u0648\u0628\u0627 (\u0627\u0644\u0641\u064a\u0645\u0633\u0648) \u0648\u0639\u0644\u0627\u0642\u0629 \u0645\u0646\u0638\u0645\u062a\u0647 \u0628\u0627\u0644\u0625\u062e\u0648\u0627\u0646 \u0627\u0644\u0645\u0633\u0644\u0645\u064a\u0646 \u0648\u062d\u0645\u0627\u0633 \u062e\u0644\u0627\u0644 \u0627\u062c\u062a\u0645\u0627\u0639 \u0644\u062c\u0646\u0629 \u0627\u0644\u0625\u0633\u0644\u0627\u0645\u0648\u0641\u0648\u0628\u064a\u0627<\/p>\n<p style=\"text-align: right;\">FEMYSO<\/p>\n","protected":false},"excerpt":{"rendered":"<p>Der Leiter der FEMYSO-Fraktion blamiert sich w\u00e4hrend einer Anh\u00f6rung des LIBE Kommittees zu Islamophobie. Seine eigenen Verbindungen zur Muslimischen Bruderschaft werden aufgedeckt. &nbsp; \u0645\u0633\u0623\u0644\u0629 \u0641\u064a \u0627\u0644\u0628\u0631\u0644\u0645\u0627\u0646 \u0627\u0644\u0623\u0648\u0631\u0648\u0628\u064a \u062a\u062d\u0631\u062c \u0642\u0627\u0626\u062f \u0645\u0646\u062a\u062f\u0649 \u0627\u0644\u0645\u0646\u0638\u0645\u0627\u062a \u0627\u0644\u0637\u0644\u0627\u0628\u064a\u0629 \u0648\u0627\u0644\u0634\u0628\u0627\u0628 \u0627\u0644\u0645\u0633\u0644\u0645 \u0641\u064a \u0623\u0648\u0631\u0648\u0628\u0627 (\u0627\u0644\u0641\u064a\u0645\u0633\u0648) \u0648\u0639\u0644\u0627\u0642\u0629 \u0645\u0646\u0638\u0645\u062a\u0647 \u0628\u0627\u0644\u0625\u062e\u0648\u0627\u0646 &hellip;<\/p>\n<p class=\"read-more\"> <a class=\"more-link\" href=\"http:\/\/www.liberale-muslime.eu\/de\/2015\/07\/22\/islamist-blamiert-sich-vor-europaeischem-parlamentsausschuss\/\"> <span class=\"screen-reader-text\">Islamist blamiert sich vor Europ\u00e4ischem Parlamentsausschuss<\/span> Read More &raquo;<\/a><\/p>\n","protected":false},"author":1,"featured_media":0,"comment_status":"closed","ping_status":"closed","sticky":false,"template":"","format":"standard","meta":[],"categories":[1],"tags":[],"_links":{"self":[{"href":"http:\/\/www.liberale-muslime.eu\/de\/wp-json\/wp\/v2\/posts\/130"}],"collection":[{"href":"http:\/\/www.liberale-muslime.eu\/de\/wp-json\/wp\/v2\/posts"}],"about":[{"href":"http:\/\/www.liberale-muslime.eu\/de\/wp-json\/wp\/v2\/types\/post"}],"author":[{"embeddable":true,"href":"http:\/\/www.liberale-muslime.eu\/de\/wp-json\/wp\/v2\/users\/1"}],"replies":[{"embeddable":true,"href":"http:\/\/www.liberale-muslime.eu\/de\/wp-json\/wp\/v2\/comments?post=130"}],"version-history":[{"count":5,"href":"http:\/\/www.liberale-muslime.eu\/de\/wp-json\/wp\/v2\/posts\/130\/revisions"}],"predecessor-version":[{"id":142,"href":"http:\/\/www.liberale-muslime.eu\/de\/wp-json\/wp\/v2\/posts\/130\/revisions\/142"}],"wp:attachment":[{"href":"http:\/\/www.liberale-muslime.eu\/de\/wp-json\/wp\/v2\/media?parent=130"}],"wp:term":[{"taxonomy":"category","embeddable":true,"href":"http:\/\/www.liberale-muslime.eu\/de\/wp-json\/wp\/v2\/categories?post=130"},{"taxonomy":"post_tag","embeddable":true,"href":"http:\/\/www.liberale-muslime.eu\/de\/wp-json\/wp\/v2\/tags?post=130"}],"curies":[{"name":"wp","href":"https:\/\/api.w.org\/{rel}","templated":true}]}}